{"id":1011,"date":"2018-04-01T13:43:00","date_gmt":"2018-04-01T13:43:00","guid":{"rendered":"https:\/\/www.zarph.com\/?p=1011"},"modified":"2024-09-17T10:54:34","modified_gmt":"2024-09-17T10:54:34","slug":"pedro-gordo-deixa-a-lideranca-da-startup-zarph","status":"publish","type":"post","link":"https:\/\/www.zarph.com\/en\/pedro-gordo-deixa-a-lideranca-da-startup-zarph\/","title":{"rendered":"Pedro Gordo leaves the leadership of startup Zarph"},"content":{"rendered":"<p><b>The CEO and Co-founder of Zarph steps down from the project's leadership, and Ant\u00f3nio Oliveira, the CTO until now, takes over the global management of the Portuguese tech company.<\/b><\/p>\n<p>- <a href=\"https:\/\/www.zarph.com\/en\/\">Zarph<\/a> announces the departure of CEO and Co-founder Pedro Mourato Gordo. Ant\u00f3nio Oliveira, who has been the CTO, assumes global management of the Portuguese tech company.<\/p>\n<p>After three years at the helm of the Zarph project, Pedro Mourato Gordo leaves the chairmanship of the board of the Portuguese startup, continuing as a shareholder. Since April 1, CTO and board member Ant\u00f3nio Oliveira has taken over as Chairman of the Board of Zarph, SA.<\/p>\n<p>Ant\u00f3nio Oliveira co-founded Zarph with Pedro Mourato Gordo in 2015 and has led the technology and operations department until now. For him<em>, \"this is a moment of transition that will allow us to reflect and continue to thrive.<\/em>\u201d<\/p>\n<p>For Pedro Mourato Gordo,<em>these were years of great dedication and commitment to the company's growth and also a period of great learning. It's time for me to dedicate myself to other professional challenges and spend more time with my family<\/em>, \u201d he states.<\/p>\n<p>Zarph and its entire team thank him for all the years of dedication and trust, which have made Zarph the successful project it is today. According to Pedro Mourato Gordo,<em>\"I wish all the best to Zarph, and I thank everyone who collaborated with me over these years.<\/em>\u201d.<\/p>","protected":false},"excerpt":{"rendered":"<p>The CEO and Co-founder of Zarph steps down from the project's leadership, and Ant\u00f3nio Oliveira, the CTO until now, takes over the global management of the Portuguese tech company.<\/p>","protected":false},"author":2,"featured_media":1012,"comment_status":"open","ping_status":"open","sticky":false,"template":"","format":"standard","meta":{"footnotes":""},"categories":[1],"tags":[],"class_list":["post-1011","post","type-post","status-publish","format-standard","has-post-thumbnail","hentry","category-blog"],"yoast_head":"<!-- This site is optimized with the Yoast SEO plugin v25.4 - https:\/\/yoast.com\/wordpress\/plugins\/seo\/ -->\n<title>Pedro Gordo deixa a lideran\u00e7a da Zarph: Mudan\u00e7as na Startup<\/title>\n<meta name=\"description\" content=\"Pedro Gordo deixa a lideran\u00e7a da Zarph, marcando uma nova fase para a startup. Saiba mais sobre o impacto desta mudan\u00e7a na gest\u00e3o da empresa.\" \/>\n<meta name=\"robots\" content=\"index, follow, max-snippet:-1, max-image-preview:large, max-video-preview:-1\" \/>\n<link rel=\"canonical\" href=\"https:\/\/www.zarph.com\/en\/pedro-gordo-deixa-a-lideranca-da-startup-zarph\/\" \/>\n<meta property=\"og:locale\" content=\"en_GB\" \/>\n<meta property=\"og:type\" content=\"article\" \/>\n<meta property=\"og:title\" content=\"Pedro Gordo deixa a lideran\u00e7a da Zarph: Mudan\u00e7as na Startup\" \/>\n<meta property=\"og:description\" content=\"Pedro Gordo deixa a lideran\u00e7a da Zarph, marcando uma nova fase para a startup. Saiba mais sobre o impacto desta mudan\u00e7a na gest\u00e3o da empresa.\" \/>\n<meta property=\"og:url\" content=\"https:\/\/www.zarph.com\/en\/pedro-gordo-deixa-a-lideranca-da-startup-zarph\/\" \/>\n<meta property=\"og:site_name\" content=\"Zarph\" \/>\n<meta property=\"article:publisher\" content=\"https:\/\/www.facebook.com\/zarph.cash.management\" \/>\n<meta property=\"article:published_time\" content=\"2018-04-01T13:43:00+00:00\" \/>\n<meta property=\"article:modified_time\" content=\"2024-09-17T10:54:34+00:00\" \/>\n<meta property=\"og:image\" content=\"https:\/\/www.zarph.com\/wp-content\/uploads\/2023\/11\/pedro-gordo-deixa-a-lideranca-da-startup-zarph.jpeg\" \/>\n\t<meta property=\"og:image:width\" content=\"2048\" \/>\n\t<meta property=\"og:image:height\" content=\"1365\" \/>\n\t<meta property=\"og:image:type\" content=\"image\/jpeg\" \/>\n<meta name=\"author\" content=\"marciapombo\" \/>\n<meta name=\"twitter:card\" content=\"summary_large_image\" \/>\n<meta name=\"twitter:label1\" content=\"Written by\" \/>\n\t<meta name=\"twitter:data1\" content=\"marciapombo\" \/>\n\t<meta name=\"twitter:label2\" content=\"Estimated reading time\" \/>\n\t<meta name=\"twitter:data2\" content=\"2 minutes\" \/>\n<script type=\"application\/ld+json\" class=\"yoast-schema-graph\">{\"@context\":\"https:\/\/schema.org\",\"@graph\":[{\"@type\":\"Article\",\"@id\":\"https:\/\/www.zarph.com\/pedro-gordo-deixa-a-lideranca-da-startup-zarph\/#article\",\"isPartOf\":{\"@id\":\"https:\/\/www.zarph.com\/pedro-gordo-deixa-a-lideranca-da-startup-zarph\/\"},\"author\":{\"name\":\"marciapombo\",\"@id\":\"https:\/\/www.zarph.com\/#\/schema\/person\/a91d200a14ac8d050ad2c83409f9f81f\"},\"headline\":\"Pedro Gordo deixa a lideran\u00e7a da Startup Zarph\",\"datePublished\":\"2018-04-01T13:43:00+00:00\",\"dateModified\":\"2024-09-17T10:54:34+00:00\",\"mainEntityOfPage\":{\"@id\":\"https:\/\/www.zarph.com\/pedro-gordo-deixa-a-lideranca-da-startup-zarph\/\"},\"wordCount\":253,\"commentCount\":0,\"publisher\":{\"@id\":\"https:\/\/www.zarph.com\/#organization\"},\"image\":{\"@id\":\"https:\/\/www.zarph.com\/pedro-gordo-deixa-a-lideranca-da-startup-zarph\/#primaryimage\"},\"thumbnailUrl\":\"https:\/\/www.zarph.com\/wp-content\/uploads\/2023\/11\/pedro-gordo-deixa-a-lideranca-da-startup-zarph.jpeg\",\"articleSection\":[\"Blog\"],\"inLanguage\":\"en-GB\",\"potentialAction\":[{\"@type\":\"CommentAction\",\"name\":\"Comment\",\"target\":[\"https:\/\/www.zarph.com\/pedro-gordo-deixa-a-lideranca-da-startup-zarph\/#respond\"]}]},{\"@type\":\"WebPage\",\"@id\":\"https:\/\/www.zarph.com\/pedro-gordo-deixa-a-lideranca-da-startup-zarph\/\",\"url\":\"https:\/\/www.zarph.com\/pedro-gordo-deixa-a-lideranca-da-startup-zarph\/\",\"name\":\"Pedro Gordo deixa a lideran\u00e7a da Zarph: Mudan\u00e7as na Startup\",\"isPartOf\":{\"@id\":\"https:\/\/www.zarph.com\/#website\"},\"primaryImageOfPage\":{\"@id\":\"https:\/\/www.zarph.com\/pedro-gordo-deixa-a-lideranca-da-startup-zarph\/#primaryimage\"},\"image\":{\"@id\":\"https:\/\/www.zarph.com\/pedro-gordo-deixa-a-lideranca-da-startup-zarph\/#primaryimage\"},\"thumbnailUrl\":\"https:\/\/www.zarph.com\/wp-content\/uploads\/2023\/11\/pedro-gordo-deixa-a-lideranca-da-startup-zarph.jpeg\",\"datePublished\":\"2018-04-01T13:43:00+00:00\",\"dateModified\":\"2024-09-17T10:54:34+00:00\",\"description\":\"Pedro Gordo deixa a lideran\u00e7a da Zarph, marcando uma nova fase para a startup. Saiba mais sobre o impacto desta mudan\u00e7a na gest\u00e3o da empresa.\",\"breadcrumb\":{\"@id\":\"https:\/\/www.zarph.com\/pedro-gordo-deixa-a-lideranca-da-startup-zarph\/#breadcrumb\"},\"inLanguage\":\"en-GB\",\"potentialAction\":[{\"@type\":\"ReadAction\",\"target\":[\"https:\/\/www.zarph.com\/pedro-gordo-deixa-a-lideranca-da-startup-zarph\/\"]}]},{\"@type\":\"ImageObject\",\"inLanguage\":\"en-GB\",\"@id\":\"https:\/\/www.zarph.com\/pedro-gordo-deixa-a-lideranca-da-startup-zarph\/#primaryimage\",\"url\":\"https:\/\/www.zarph.com\/wp-content\/uploads\/2023\/11\/pedro-gordo-deixa-a-lideranca-da-startup-zarph.jpeg\",\"contentUrl\":\"https:\/\/www.zarph.com\/wp-content\/uploads\/2023\/11\/pedro-gordo-deixa-a-lideranca-da-startup-zarph.jpeg\",\"width\":2048,\"height\":1365,\"caption\":\"Pedro Gordo deixa a lideran\u00e7a da Zarph\"},{\"@type\":\"BreadcrumbList\",\"@id\":\"https:\/\/www.zarph.com\/pedro-gordo-deixa-a-lideranca-da-startup-zarph\/#breadcrumb\",\"itemListElement\":[{\"@type\":\"ListItem\",\"position\":1,\"name\":\"In\u00edcio\",\"item\":\"https:\/\/www.zarph.com\/\"},{\"@type\":\"ListItem\",\"position\":2,\"name\":\"Pedro Gordo deixa a lideran\u00e7a da Startup Zarph\"}]},{\"@type\":\"WebSite\",\"@id\":\"https:\/\/www.zarph.com\/#website\",\"url\":\"https:\/\/www.zarph.com\/\",\"name\":\"Zarph\",\"description\":\"Sistemas de pagamento e dep\u00f3sito\",\"publisher\":{\"@id\":\"https:\/\/www.zarph.com\/#organization\"},\"potentialAction\":[{\"@type\":\"SearchAction\",\"target\":{\"@type\":\"EntryPoint\",\"urlTemplate\":\"https:\/\/www.zarph.com\/?s={search_term_string}\"},\"query-input\":{\"@type\":\"PropertyValueSpecification\",\"valueRequired\":true,\"valueName\":\"search_term_string\"}}],\"inLanguage\":\"en-GB\"},{\"@type\":\"Organization\",\"@id\":\"https:\/\/www.zarph.com\/#organization\",\"name\":\"Zarph\",\"url\":\"https:\/\/www.zarph.com\/\",\"logo\":{\"@type\":\"ImageObject\",\"inLanguage\":\"en-GB\",\"@id\":\"https:\/\/www.zarph.com\/#\/schema\/logo\/image\/\",\"url\":\"https:\/\/www.zarph.com\/wp-content\/uploads\/2024\/08\/logotipo-zarph.png\",\"contentUrl\":\"https:\/\/www.zarph.com\/wp-content\/uploads\/2024\/08\/logotipo-zarph.png\",\"width\":512,\"height\":512,\"caption\":\"Zarph\"},\"image\":{\"@id\":\"https:\/\/www.zarph.com\/#\/schema\/logo\/image\/\"},\"sameAs\":[\"https:\/\/www.facebook.com\/zarph.cash.management\",\"https:\/\/www.linkedin.com\/company\/g3p-technologies\/\"]},{\"@type\":\"Person\",\"@id\":\"https:\/\/www.zarph.com\/#\/schema\/person\/a91d200a14ac8d050ad2c83409f9f81f\",\"name\":\"marciapombo\",\"image\":{\"@type\":\"ImageObject\",\"inLanguage\":\"en-GB\",\"@id\":\"https:\/\/www.zarph.com\/#\/schema\/person\/image\/\",\"url\":\"https:\/\/secure.gravatar.com\/avatar\/63c3f023e8a192b537721c14bb6a517db87440d94afe0b9d6f9b10b23cb3d3af?s=96&d=mm&r=g\",\"contentUrl\":\"https:\/\/secure.gravatar.com\/avatar\/63c3f023e8a192b537721c14bb6a517db87440d94afe0b9d6f9b10b23cb3d3af?s=96&d=mm&r=g\",\"caption\":\"marciapombo\"},\"url\":\"https:\/\/www.zarph.com\/en\/author\/marciapombo\/\"}]}<\/script>\n<!-- \/ Yoast SEO plugin. -->","yoast_head_json":{"title":"Pedro Gordo deixa a lideran\u00e7a da Zarph: Mudan\u00e7as na Startup","description":"Pedro Gordo deixa a lideran\u00e7a da Zarph, marcando uma nova fase para a startup. Saiba mais sobre o impacto desta mudan\u00e7a na gest\u00e3o da empresa.","robots":{"index":"index","follow":"follow","max-snippet":"max-snippet:-1","max-image-preview":"max-image-preview:large","max-video-preview":"max-video-preview:-1"},"canonical":"https:\/\/www.zarph.com\/en\/pedro-gordo-deixa-a-lideranca-da-startup-zarph\/","og_locale":"en_GB","og_type":"article","og_title":"Pedro Gordo deixa a lideran\u00e7a da Zarph: Mudan\u00e7as na Startup","og_description":"Pedro Gordo deixa a lideran\u00e7a da Zarph, marcando uma nova fase para a startup. Saiba mais sobre o impacto desta mudan\u00e7a na gest\u00e3o da empresa.","og_url":"https:\/\/www.zarph.com\/en\/pedro-gordo-deixa-a-lideranca-da-startup-zarph\/","og_site_name":"Zarph","article_publisher":"https:\/\/www.facebook.com\/zarph.cash.management","article_published_time":"2018-04-01T13:43:00+00:00","article_modified_time":"2024-09-17T10:54:34+00:00","og_image":[{"width":2048,"height":1365,"url":"https:\/\/www.zarph.com\/wp-content\/uploads\/2023\/11\/pedro-gordo-deixa-a-lideranca-da-startup-zarph.jpeg","type":"image\/jpeg"}],"author":"marciapombo","twitter_card":"summary_large_image","twitter_misc":{"Written by":"marciapombo","Estimated reading time":"2 minutes"},"schema":{"@context":"https:\/\/schema.org","@graph":[{"@type":"Article","@id":"https:\/\/www.zarph.com\/pedro-gordo-deixa-a-lideranca-da-startup-zarph\/#article","isPartOf":{"@id":"https:\/\/www.zarph.com\/pedro-gordo-deixa-a-lideranca-da-startup-zarph\/"},"author":{"name":"marciapombo","@id":"https:\/\/www.zarph.com\/#\/schema\/person\/a91d200a14ac8d050ad2c83409f9f81f"},"headline":"Pedro Gordo deixa a lideran\u00e7a da Startup Zarph","datePublished":"2018-04-01T13:43:00+00:00","dateModified":"2024-09-17T10:54:34+00:00","mainEntityOfPage":{"@id":"https:\/\/www.zarph.com\/pedro-gordo-deixa-a-lideranca-da-startup-zarph\/"},"wordCount":253,"commentCount":0,"publisher":{"@id":"https:\/\/www.zarph.com\/#organization"},"image":{"@id":"https:\/\/www.zarph.com\/pedro-gordo-deixa-a-lideranca-da-startup-zarph\/#primaryimage"},"thumbnailUrl":"https:\/\/www.zarph.com\/wp-content\/uploads\/2023\/11\/pedro-gordo-deixa-a-lideranca-da-startup-zarph.jpeg","articleSection":["Blog"],"inLanguage":"en-GB","potentialAction":[{"@type":"CommentAction","name":"Comment","target":["https:\/\/www.zarph.com\/pedro-gordo-deixa-a-lideranca-da-startup-zarph\/#respond"]}]},{"@type":"WebPage","@id":"https:\/\/www.zarph.com\/pedro-gordo-deixa-a-lideranca-da-startup-zarph\/","url":"https:\/\/www.zarph.com\/pedro-gordo-deixa-a-lideranca-da-startup-zarph\/","name":"Pedro Gordo deixa a lideran\u00e7a da Zarph: Mudan\u00e7as na Startup","isPartOf":{"@id":"https:\/\/www.zarph.com\/#website"},"primaryImageOfPage":{"@id":"https:\/\/www.zarph.com\/pedro-gordo-deixa-a-lideranca-da-startup-zarph\/#primaryimage"},"image":{"@id":"https:\/\/www.zarph.com\/pedro-gordo-deixa-a-lideranca-da-startup-zarph\/#primaryimage"},"thumbnailUrl":"https:\/\/www.zarph.com\/wp-content\/uploads\/2023\/11\/pedro-gordo-deixa-a-lideranca-da-startup-zarph.jpeg","datePublished":"2018-04-01T13:43:00+00:00","dateModified":"2024-09-17T10:54:34+00:00","description":"Pedro Gordo deixa a lideran\u00e7a da Zarph, marcando uma nova fase para a startup. Saiba mais sobre o impacto desta mudan\u00e7a na gest\u00e3o da empresa.","breadcrumb":{"@id":"https:\/\/www.zarph.com\/pedro-gordo-deixa-a-lideranca-da-startup-zarph\/#breadcrumb"},"inLanguage":"en-GB","potentialAction":[{"@type":"ReadAction","target":["https:\/\/www.zarph.com\/pedro-gordo-deixa-a-lideranca-da-startup-zarph\/"]}]},{"@type":"ImageObject","inLanguage":"en-GB","@id":"https:\/\/www.zarph.com\/pedro-gordo-deixa-a-lideranca-da-startup-zarph\/#primaryimage","url":"https:\/\/www.zarph.com\/wp-content\/uploads\/2023\/11\/pedro-gordo-deixa-a-lideranca-da-startup-zarph.jpeg","contentUrl":"https:\/\/www.zarph.com\/wp-content\/uploads\/2023\/11\/pedro-gordo-deixa-a-lideranca-da-startup-zarph.jpeg","width":2048,"height":1365,"caption":"Pedro Gordo deixa a lideran\u00e7a da Zarph"},{"@type":"BreadcrumbList","@id":"https:\/\/www.zarph.com\/pedro-gordo-deixa-a-lideranca-da-startup-zarph\/#breadcrumb","itemListElement":[{"@type":"ListItem","position":1,"name":"In\u00edcio","item":"https:\/\/www.zarph.com\/"},{"@type":"ListItem","position":2,"name":"Pedro Gordo deixa a lideran\u00e7a da Startup Zarph"}]},{"@type":"WebSite","@id":"https:\/\/www.zarph.com\/#website","url":"https:\/\/www.zarph.com\/","name":"Zarph","description":"Sistemas de pagamento e dep\u00f3sito","publisher":{"@id":"https:\/\/www.zarph.com\/#organization"},"potentialAction":[{"@type":"SearchAction","target":{"@type":"EntryPoint","urlTemplate":"https:\/\/www.zarph.com\/?s={search_term_string}"},"query-input":{"@type":"PropertyValueSpecification","valueRequired":true,"valueName":"search_term_string"}}],"inLanguage":"en-GB"},{"@type":"Organization","@id":"https:\/\/www.zarph.com\/#organization","name":"Zarph","url":"https:\/\/www.zarph.com\/","logo":{"@type":"ImageObject","inLanguage":"en-GB","@id":"https:\/\/www.zarph.com\/#\/schema\/logo\/image\/","url":"https:\/\/www.zarph.com\/wp-content\/uploads\/2024\/08\/logotipo-zarph.png","contentUrl":"https:\/\/www.zarph.com\/wp-content\/uploads\/2024\/08\/logotipo-zarph.png","width":512,"height":512,"caption":"Zarph"},"image":{"@id":"https:\/\/www.zarph.com\/#\/schema\/logo\/image\/"},"sameAs":["https:\/\/www.facebook.com\/zarph.cash.management","https:\/\/www.linkedin.com\/company\/g3p-technologies\/"]},{"@type":"Person","@id":"https:\/\/www.zarph.com\/#\/schema\/person\/a91d200a14ac8d050ad2c83409f9f81f","name":"marciapombo","image":{"@type":"ImageObject","inLanguage":"en-GB","@id":"https:\/\/www.zarph.com\/#\/schema\/person\/image\/","url":"https:\/\/secure.gravatar.com\/avatar\/63c3f023e8a192b537721c14bb6a517db87440d94afe0b9d6f9b10b23cb3d3af?s=96&d=mm&r=g","contentUrl":"https:\/\/secure.gravatar.com\/avatar\/63c3f023e8a192b537721c14bb6a517db87440d94afe0b9d6f9b10b23cb3d3af?s=96&d=mm&r=g","caption":"marciapombo"},"url":"https:\/\/www.zarph.com\/en\/author\/marciapombo\/"}]}},"_links":{"self":[{"href":"https:\/\/www.zarph.com\/en\/wp-json\/wp\/v2\/posts\/1011","targetHints":{"allow":["GET"]}}],"collection":[{"href":"https:\/\/www.zarph.com\/en\/wp-json\/wp\/v2\/posts"}],"about":[{"href":"https:\/\/www.zarph.com\/en\/wp-json\/wp\/v2\/types\/post"}],"author":[{"embeddable":true,"href":"https:\/\/www.zarph.com\/en\/wp-json\/wp\/v2\/users\/2"}],"replies":[{"embeddable":true,"href":"https:\/\/www.zarph.com\/en\/wp-json\/wp\/v2\/comments?post=1011"}],"version-history":[{"count":0,"href":"https:\/\/www.zarph.com\/en\/wp-json\/wp\/v2\/posts\/1011\/revisions"}],"wp:featuredmedia":[{"embeddable":true,"href":"https:\/\/www.zarph.com\/en\/wp-json\/wp\/v2\/media\/1012"}],"wp:attachment":[{"href":"https:\/\/www.zarph.com\/en\/wp-json\/wp\/v2\/media?parent=1011"}],"wp:term":[{"taxonomy":"category","embeddable":true,"href":"https:\/\/www.zarph.com\/en\/wp-json\/wp\/v2\/categories?post=1011"},{"taxonomy":"post_tag","embeddable":true,"href":"https:\/\/www.zarph.com\/en\/wp-json\/wp\/v2\/tags?post=1011"}],"curies":[{"name":"wp","href":"https:\/\/api.w.org\/{rel}","templated":true}]}}